{"id":2584,"date":"2018-04-18T08:12:11","date_gmt":"2018-04-18T06:12:11","guid":{"rendered":"https:\/\/era.archi\/?p=2584"},"modified":"2022-07-05T10:55:08","modified_gmt":"2022-07-05T08:55:08","slug":"materials-de-facana-per-a-la-teva-casa-tipus-i-preu","status":"publish","type":"post","link":"https:\/\/era.archi\/ca\/materials-de-facana-per-a-la-teva-casa-tipus-i-preu\/","title":{"rendered":"Materials de Fa\u00e7ana per a la teva casa: tipus i preu"},"content":{"rendered":"<p>Quines opcions de materials de fa\u00e7ana per a la teva casa hi ha?<\/p>\n<p>Quins s\u00f3n els m\u00e9s recomanables?<\/p>\n<p>Quin preu \u20ac\/m2 tenen?<\/p>\n<p>Quant costen?<\/p>\n<p>&nbsp;<\/p>\n<p>En aquest post t&#8217;expliquem els tipus de fa\u00e7anes i les nostres recomanacions.<br \/>\nPer si encara no ens coneixes, permet-nos que ens presentem.<br \/>\nSom <a href=\"https:\/\/era.archi\/ca\">ERA arquitectes<\/a>, un dels joves, compromesos i <a href=\"https:\/\/era.archi\/ca\">estudis creatius d&#8217;Arquitectura a Barcelona<\/a>.<br \/>\nEn aquest post pots trobar la nostra explicaci\u00f3 senzilla dels materials de fa\u00e7ana per a la teva casa i les nostres recomanacions professionals.<\/p>\n<p>No volem fer una s\u00faper llista de tots els materials del mercat, sin\u00f3 presentar-vos la nostra selecci\u00f3 professional i personal.<br \/>\nAquesta selecci\u00f3 cont\u00e9 acabats des dels m\u00e9s econ\u00f2mics del mercat fins als m\u00e9s cars.<br \/>\nTots tenen alguna cosa en com\u00fa, i \u00e9s la seva bona relaci\u00f3 qualitat-preu i la seva capacitat est\u00e8tica i creativa.<br \/>\nEn resum, que s\u00f3n els que ens agraden i recomanem a tots els nostres clients.<\/p>\n<p>&nbsp;<\/p>\n<p><strong>Tipus d&#8217;acabats<\/strong><br \/>\nPodem distingir entre format i material.<\/p>\n<p>&nbsp;<\/p>\n<p><strong>FORMAT<\/strong><\/p>\n<p>PANELLS<br \/>\nGran format molt recomanable per a materials artificials.<\/p>\n<p>LAMES<br \/>\nFormat c\u00f2mode de transportar i instal\u00b7lar molt est\u00e8s en fusta.<\/p>\n<p>LLOSETA<br \/>\nFormat per manejar materials pesats o fr\u00e0gils com pedra i cer\u00e0mica.<\/p>\n<p>ESCATES<br \/>\nFormat d&#8217;altes qualitats est\u00e8tiques.<\/p>\n<p>&nbsp;<\/p>\n<p><strong>MATERIAL<\/strong><\/p>\n<p><a href=\"https:\/\/era.archi\/ca\/facana-metal%C2%B7lica\/\">METALL<\/a><br \/>\nPanells d&#8217;acer semiona prelacat mat en qualsevol color RAL i configuraci\u00f3 tant vertical com horitzontal.<br \/>\nPreu molt competitiu i gran efecte est\u00e8tic.<br \/>\nPreu des de: des de 55 \u20ac \/ m2 + iva<\/p>\n<p>FUSTA<br \/>\nEns agrada molt la fusta.<br \/>\nEn el nostre estudi diferenciem aquest material de fa\u00e7ana en 3 categories ordenades per qualitat i preu: lames mecanitzades, fusta massissa i escates.<br \/>\nPreu des de: des de 65 \u20ac \/ m2 + iva fins a 350 \u20ac \/ m2 + iva o m\u00e9s &#8230;<br \/>\nComptarem m\u00e9s detalls en un seg\u00fcent post.<\/p>\n<p>CER\u00c0MICA<br \/>\nRecomanable en format panot per f\u00e0cil maneig i evitar trencament de cantonades.<br \/>\nNo solem col\u00b7locar-i no tenim dades actualitzades.<\/p>\n<p><a href=\"https:\/\/era.archi\/ca\/facana-de-fusta-ciment-que-es-avantatges-i-preu-em2\/\">FUSTA-CIMENT<\/a><br \/>\nPanells de gran format a for\u00e7a de ciment i fibra de fusta.<br \/>\nEl seu preu competitiu i els seus 4 colors en 4 textures ofereixen una opci\u00f3 i est\u00e8tica diferenciada.<br \/>\nPreu des de: des de 80 \u20ac \/ m2 + iva<\/p>\n<p>HPL<br \/>\nS\u00f3n panells de gran format i gruix m\u00ednim a base de resines acr\u00edliques.<br \/>\nDisposen d&#8217;una ampl\u00edssima gamma de colors i textures.<br \/>\n\u00c9s important deixar juntes per garantir la seva ventilaci\u00f3.<br \/>\nPreu des de: des de 144 \u20ac\/m2 + iva<\/p>\n<p>PEDRA<br \/>\nEns encanta la pedra per\u00f2 \u00e9s pesada i permet poques configuracions.<br \/>\n\u00daltimament ens agraden molt els <a href=\"https:\/\/era.archi\/ca\/facana-de-pedra-artificial\/\">panells de pedra de gran format<\/a> i m\u00ednim gruix a for\u00e7a de pols de pedra natural premsada.<br \/>\nDisposen de gran varietat, les peces s\u00f3n semi-manejables i l&#8217;efecte \u00e9s molt elegant.<br \/>\nPreu des de: des de 155 \u20ac\/m2 + iva<br \/>\nAmb una d&#8217;aquestes peces vam fer la taula ovalada de 3,60m i 1,5m amb un gruix de 12mm a l&#8217;\u00e0tic de Passeig de Gr\u00e0cia.<br \/>\nEns encanta!<\/p>\n<p>&nbsp;<\/p>\n<p>En el nostre <a href=\"https:\/\/era.archi\/ca\">estudi d&#8217;Arquitectura a Barcelona ERA arquitectes<\/a>, recomanem escollir un d&#8217;aquests materials com acabat per a la fa\u00e7ana ventilada de casa teva.<\/p>\n<p>&nbsp;<\/p>\n<p>Espero que t&#8217;hagi agradat aquest post.<br \/>\nPotser tamb\u00e9 t&#8217;interessin els posts relacionats:<\/p>\n<p><strong><em><a href=\"https:\/\/era.archi\/ca\/cases-eficients\/\">Cases Eficients<\/a><\/em><\/strong><br \/>\n<a href=\"https:\/\/era.archi\/ca\/casa-passiva\/\"><strong><em>Casa Passiva<\/em><\/strong><\/a><br \/>\n<strong><em><a href=\"https:\/\/era.archi\/ca\/cases-de-fusta\/\">Cases de Fusta<\/a>\u00a0<\/em><\/strong><br \/>\n<a href=\"https:\/\/era.archi\/ca\/cases-prefabricades-preu\/\"><strong><em>Cases Prefabricades\u00a0<\/em><\/strong><\/a><br \/>\n<a href=\"https:\/\/era.archi\/ca\/fer-una-casa-quant-es-triga\/\"><em><strong>Fer una casa, quan es triga?<\/strong><\/em><\/a><br \/>\n<a href=\"https:\/\/era.archi\/ca\/fer-una-casa-quant-costa\/\"><strong><em>Quant costa fer una casa?\u00a0<\/em><\/strong><\/a><\/p>\n<p><b>Si vols seguir conectat-ada amb els nostres posts, et convido a subscriure&#8217;t a la nostra <\/b><a href=\"https:\/\/mailchi.mp\/d0327875f870\/era_casaapp\"><b>newsletter<\/b><\/a><b> i a seguir-nos a <\/b><a href=\"https:\/\/www.instagram.com\/era.archi\/\"><b>Instagram<\/b><\/a><b>, <\/b><a href=\"https:\/\/twitter.com\/ERAarchi\"><b>Twitter,<\/b><\/a> <a href=\"https:\/\/www.facebook.com\/ERAarchis\/\"><b>Facebook<\/b><\/a><b> i<\/b><a href=\"https:\/\/es.linkedin.com\/company\/eraarchitects?trk=public_profile_topcard-current-company\"><b> Linkdln<\/b><\/a><\/p>\n<p><b>Fins al proper post!<\/b><\/p>\n<p><b>\u00a0<\/b><\/p>\n<p><b>Esther Rovira Raurell<\/b><\/p>\n<p><a href=\"https:\/\/era.archi\/ca\"><b>Arquitecta a Barcelona<\/b><\/a><\/p>\n<p><b><i>Passive House Designer<\/i><\/b><\/p>\n<p><a href=\"https:\/\/passivehouse-international.org\/memberSearchDetails.php?member_id=12773\"><b>Afiliada a la International Passive House Association<\/b><\/a><\/p>\n<p><b>Fundadora d&#8217;<\/b><a href=\"https:\/\/era.archi\/ca\"><b>ERA arquitectes<\/b><\/a><\/p>\n<div><\/div>\n","protected":false},"excerpt":{"rendered":"<p>Quines opcions de materials de fa\u00e7ana per a la teva [&hellip;]<\/p>\n","protected":false},"author":1,"featured_media":1509,"comment_status":"closed","ping_status":"open","sticky":false,"template":"","format":"standard","meta":{"footnotes":""},"categories":[599,601],"tags":[71,419,76,79,81,77,80,78,423,424,83,87,425,187,91],"class_list":["post-2584","post","type-post","status-publish","format-standard","has-post-thumbnail","hentry","category-arquitecte-casa-pasiva","category-reforma-sostenible-ca","tag-arquitecta-a-barcelona","tag-arquitecta-barcelona-ca","tag-arquitecte-barcelona","tag-arquitecte-cases-passives","tag-arquitecte-cases-passives-barcelona","tag-arquitecte-girona","tag-arquitecte-passive-house-designer","tag-arquitecte-tarragona","tag-arquitecto-casas-prefabricadas-de-madera-barcelona-ca","tag-arquitecto-passive-house-designer-barcelona-ca","tag-facana","tag-facana-barcelona","tag-passive-house-designer-barcelona-ca-2","tag-passive-house-designer-barcelona-ca","tag-tipus-de-facana"],"yoast_head":"<!-- This site is optimized with the Yoast SEO plugin v26.6 - https:\/\/yoast.com\/wordpress\/plugins\/seo\/ -->\n<title>Materials de Fa\u00e7ana per a la teva casa: tipus i preu<\/title>\n<meta name=\"description\" content=\"T&#039;expliquem els tipus de materials i acabat que pots escollir per la fa\u00e7ana ventilada de la teva casa i el seu preu \u20ac\/m2.\" \/>\n<meta name=\"robots\" content=\"index, follow, max-snippet:-1, max-image-preview:large, max-video-preview:-1\" \/>\n<link rel=\"canonical\" href=\"https:\/\/era.archi\/ca\/materials-de-facana-per-a-la-teva-casa-tipus-i-preu\/\" \/>\n<meta property=\"og:locale\" content=\"ca_ES\" \/>\n<meta property=\"og:type\" content=\"article\" \/>\n<meta property=\"og:title\" content=\"Materials de Fa\u00e7ana per a la teva casa: tipus i preu\" \/>\n<meta property=\"og:description\" content=\"T&#039;expliquem els tipus de materials i acabat que pots escollir per la fa\u00e7ana ventilada de la teva casa i el seu preu \u20ac\/m2.\" \/>\n<meta property=\"og:url\" content=\"https:\/\/era.archi\/ca\/materials-de-facana-per-a-la-teva-casa-tipus-i-preu\/\" \/>\n<meta property=\"og:site_name\" content=\"ERA architects\" \/>\n<meta property=\"article:publisher\" content=\"https:\/\/www.facebook.com\/ERAarchis\" \/>\n<meta property=\"article:published_time\" content=\"2018-04-18T06:12:11+00:00\" \/>\n<meta property=\"article:modified_time\" content=\"2022-07-05T08:55:08+00:00\" \/>\n<meta property=\"og:image\" content=\"https:\/\/era.archi\/wp-content\/uploads\/2017\/09\/00_-shopping-building-designer-architect-barcelona.jpg\" \/>\n\t<meta property=\"og:image:width\" content=\"1000\" \/>\n\t<meta property=\"og:image:height\" content=\"629\" \/>\n\t<meta property=\"og:image:type\" content=\"image\/jpeg\" \/>\n<meta name=\"author\" content=\"ERA\" \/>\n<meta name=\"twitter:card\" content=\"summary_large_image\" \/>\n<meta name=\"twitter:creator\" content=\"@ERAarchi\" \/>\n<meta name=\"twitter:site\" content=\"@ERAarchi\" \/>\n<meta name=\"twitter:label1\" content=\"Escrit per\" \/>\n\t<meta name=\"twitter:data1\" content=\"ERA\" \/>\n\t<meta name=\"twitter:label2\" content=\"Temps estimat de lectura\" \/>\n\t<meta name=\"twitter:data2\" content=\"3 minuts\" \/>\n<script type=\"application\/ld+json\" class=\"yoast-schema-graph\">{\"@context\":\"https:\/\/schema.org\",\"@graph\":[{\"@type\":\"WebPage\",\"@id\":\"https:\/\/era.archi\/ca\/materials-de-facana-per-a-la-teva-casa-tipus-i-preu\/\",\"url\":\"https:\/\/era.archi\/ca\/materials-de-facana-per-a-la-teva-casa-tipus-i-preu\/\",\"name\":\"Materials de Fa\u00e7ana per a la teva casa: tipus i preu\",\"isPartOf\":{\"@id\":\"https:\/\/era.archi\/#website\"},\"primaryImageOfPage\":{\"@id\":\"https:\/\/era.archi\/ca\/materials-de-facana-per-a-la-teva-casa-tipus-i-preu\/#primaryimage\"},\"image\":{\"@id\":\"https:\/\/era.archi\/ca\/materials-de-facana-per-a-la-teva-casa-tipus-i-preu\/#primaryimage\"},\"thumbnailUrl\":\"https:\/\/era.archi\/wp-content\/uploads\/2017\/09\/00_-shopping-building-designer-architect-barcelona.jpg\",\"datePublished\":\"2018-04-18T06:12:11+00:00\",\"dateModified\":\"2022-07-05T08:55:08+00:00\",\"author\":{\"@id\":\"https:\/\/era.archi\/#\/schema\/person\/eabaeddf58e0d5ac5fc021e7fbcf207e\"},\"description\":\"T'expliquem els tipus de materials i acabat que pots escollir per la fa\u00e7ana ventilada de la teva casa i el seu preu \u20ac\/m2.\",\"breadcrumb\":{\"@id\":\"https:\/\/era.archi\/ca\/materials-de-facana-per-a-la-teva-casa-tipus-i-preu\/#breadcrumb\"},\"inLanguage\":\"ca\",\"potentialAction\":[{\"@type\":\"ReadAction\",\"target\":[\"https:\/\/era.archi\/ca\/materials-de-facana-per-a-la-teva-casa-tipus-i-preu\/\"]}]},{\"@type\":\"ImageObject\",\"inLanguage\":\"ca\",\"@id\":\"https:\/\/era.archi\/ca\/materials-de-facana-per-a-la-teva-casa-tipus-i-preu\/#primaryimage\",\"url\":\"https:\/\/era.archi\/wp-content\/uploads\/2017\/09\/00_-shopping-building-designer-architect-barcelona.jpg\",\"contentUrl\":\"https:\/\/era.archi\/wp-content\/uploads\/2017\/09\/00_-shopping-building-designer-architect-barcelona.jpg\",\"width\":1000,\"height\":629,\"caption\":\"Materials de Fa\u00e7ana per a la teva casa: tipus i preu\"},{\"@type\":\"BreadcrumbList\",\"@id\":\"https:\/\/era.archi\/ca\/materials-de-facana-per-a-la-teva-casa-tipus-i-preu\/#breadcrumb\",\"itemListElement\":[{\"@type\":\"ListItem\",\"position\":1,\"name\":\"Portada\",\"item\":\"https:\/\/era.archi\/ca\/\"},{\"@type\":\"ListItem\",\"position\":2,\"name\":\"Materials de Fa\u00e7ana per a la teva casa: tipus i preu\"}]},{\"@type\":\"WebSite\",\"@id\":\"https:\/\/era.archi\/#website\",\"url\":\"https:\/\/era.archi\/\",\"name\":\"ERA architects\",\"description\":\"\",\"potentialAction\":[{\"@type\":\"SearchAction\",\"target\":{\"@type\":\"EntryPoint\",\"urlTemplate\":\"https:\/\/era.archi\/?s={search_term_string}\"},\"query-input\":{\"@type\":\"PropertyValueSpecification\",\"valueRequired\":true,\"valueName\":\"search_term_string\"}}],\"inLanguage\":\"ca\"},{\"@type\":\"Person\",\"@id\":\"https:\/\/era.archi\/#\/schema\/person\/eabaeddf58e0d5ac5fc021e7fbcf207e\",\"name\":\"ERA\",\"image\":{\"@type\":\"ImageObject\",\"inLanguage\":\"ca\",\"@id\":\"https:\/\/era.archi\/#\/schema\/person\/image\/\",\"url\":\"https:\/\/secure.gravatar.com\/avatar\/72199c63af3568336f3d3b71f7b81dcf?s=96&d=mm&r=g\",\"contentUrl\":\"https:\/\/secure.gravatar.com\/avatar\/72199c63af3568336f3d3b71f7b81dcf?s=96&d=mm&r=g\",\"caption\":\"ERA\"}}]}<\/script>\n<!-- \/ Yoast SEO plugin. -->","yoast_head_json":{"title":"Materials de Fa\u00e7ana per a la teva casa: tipus i preu","description":"T'expliquem els tipus de materials i acabat que pots escollir per la fa\u00e7ana ventilada de la teva casa i el seu preu \u20ac\/m2.","robots":{"index":"index","follow":"follow","max-snippet":"max-snippet:-1","max-image-preview":"max-image-preview:large","max-video-preview":"max-video-preview:-1"},"canonical":"https:\/\/era.archi\/ca\/materials-de-facana-per-a-la-teva-casa-tipus-i-preu\/","og_locale":"ca_ES","og_type":"article","og_title":"Materials de Fa\u00e7ana per a la teva casa: tipus i preu","og_description":"T'expliquem els tipus de materials i acabat que pots escollir per la fa\u00e7ana ventilada de la teva casa i el seu preu \u20ac\/m2.","og_url":"https:\/\/era.archi\/ca\/materials-de-facana-per-a-la-teva-casa-tipus-i-preu\/","og_site_name":"ERA architects","article_publisher":"https:\/\/www.facebook.com\/ERAarchis","article_published_time":"2018-04-18T06:12:11+00:00","article_modified_time":"2022-07-05T08:55:08+00:00","og_image":[{"width":1000,"height":629,"url":"https:\/\/era.archi\/wp-content\/uploads\/2017\/09\/00_-shopping-building-designer-architect-barcelona.jpg","type":"image\/jpeg"}],"author":"ERA","twitter_card":"summary_large_image","twitter_creator":"@ERAarchi","twitter_site":"@ERAarchi","twitter_misc":{"Escrit per":"ERA","Temps estimat de lectura":"3 minuts"},"schema":{"@context":"https:\/\/schema.org","@graph":[{"@type":"WebPage","@id":"https:\/\/era.archi\/ca\/materials-de-facana-per-a-la-teva-casa-tipus-i-preu\/","url":"https:\/\/era.archi\/ca\/materials-de-facana-per-a-la-teva-casa-tipus-i-preu\/","name":"Materials de Fa\u00e7ana per a la teva casa: tipus i preu","isPartOf":{"@id":"https:\/\/era.archi\/#website"},"primaryImageOfPage":{"@id":"https:\/\/era.archi\/ca\/materials-de-facana-per-a-la-teva-casa-tipus-i-preu\/#primaryimage"},"image":{"@id":"https:\/\/era.archi\/ca\/materials-de-facana-per-a-la-teva-casa-tipus-i-preu\/#primaryimage"},"thumbnailUrl":"https:\/\/era.archi\/wp-content\/uploads\/2017\/09\/00_-shopping-building-designer-architect-barcelona.jpg","datePublished":"2018-04-18T06:12:11+00:00","dateModified":"2022-07-05T08:55:08+00:00","author":{"@id":"https:\/\/era.archi\/#\/schema\/person\/eabaeddf58e0d5ac5fc021e7fbcf207e"},"description":"T'expliquem els tipus de materials i acabat que pots escollir per la fa\u00e7ana ventilada de la teva casa i el seu preu \u20ac\/m2.","breadcrumb":{"@id":"https:\/\/era.archi\/ca\/materials-de-facana-per-a-la-teva-casa-tipus-i-preu\/#breadcrumb"},"inLanguage":"ca","potentialAction":[{"@type":"ReadAction","target":["https:\/\/era.archi\/ca\/materials-de-facana-per-a-la-teva-casa-tipus-i-preu\/"]}]},{"@type":"ImageObject","inLanguage":"ca","@id":"https:\/\/era.archi\/ca\/materials-de-facana-per-a-la-teva-casa-tipus-i-preu\/#primaryimage","url":"https:\/\/era.archi\/wp-content\/uploads\/2017\/09\/00_-shopping-building-designer-architect-barcelona.jpg","contentUrl":"https:\/\/era.archi\/wp-content\/uploads\/2017\/09\/00_-shopping-building-designer-architect-barcelona.jpg","width":1000,"height":629,"caption":"Materials de Fa\u00e7ana per a la teva casa: tipus i preu"},{"@type":"BreadcrumbList","@id":"https:\/\/era.archi\/ca\/materials-de-facana-per-a-la-teva-casa-tipus-i-preu\/#breadcrumb","itemListElement":[{"@type":"ListItem","position":1,"name":"Portada","item":"https:\/\/era.archi\/ca\/"},{"@type":"ListItem","position":2,"name":"Materials de Fa\u00e7ana per a la teva casa: tipus i preu"}]},{"@type":"WebSite","@id":"https:\/\/era.archi\/#website","url":"https:\/\/era.archi\/","name":"ERA architects","description":"","potentialAction":[{"@type":"SearchAction","target":{"@type":"EntryPoint","urlTemplate":"https:\/\/era.archi\/?s={search_term_string}"},"query-input":{"@type":"PropertyValueSpecification","valueRequired":true,"valueName":"search_term_string"}}],"inLanguage":"ca"},{"@type":"Person","@id":"https:\/\/era.archi\/#\/schema\/person\/eabaeddf58e0d5ac5fc021e7fbcf207e","name":"ERA","image":{"@type":"ImageObject","inLanguage":"ca","@id":"https:\/\/era.archi\/#\/schema\/person\/image\/","url":"https:\/\/secure.gravatar.com\/avatar\/72199c63af3568336f3d3b71f7b81dcf?s=96&d=mm&r=g","contentUrl":"https:\/\/secure.gravatar.com\/avatar\/72199c63af3568336f3d3b71f7b81dcf?s=96&d=mm&r=g","caption":"ERA"}}]}},"_links":{"self":[{"href":"https:\/\/era.archi\/ca\/wp-json\/wp\/v2\/posts\/2584","targetHints":{"allow":["GET"]}}],"collection":[{"href":"https:\/\/era.archi\/ca\/wp-json\/wp\/v2\/posts"}],"about":[{"href":"https:\/\/era.archi\/ca\/wp-json\/wp\/v2\/types\/post"}],"author":[{"embeddable":true,"href":"https:\/\/era.archi\/ca\/wp-json\/wp\/v2\/users\/1"}],"replies":[{"embeddable":true,"href":"https:\/\/era.archi\/ca\/wp-json\/wp\/v2\/comments?post=2584"}],"version-history":[{"count":0,"href":"https:\/\/era.archi\/ca\/wp-json\/wp\/v2\/posts\/2584\/revisions"}],"wp:featuredmedia":[{"embeddable":true,"href":"https:\/\/era.archi\/ca\/wp-json\/wp\/v2\/media\/1509"}],"wp:attachment":[{"href":"https:\/\/era.archi\/ca\/wp-json\/wp\/v2\/media?parent=2584"}],"wp:term":[{"taxonomy":"category","embeddable":true,"href":"https:\/\/era.archi\/ca\/wp-json\/wp\/v2\/categories?post=2584"},{"taxonomy":"post_tag","embeddable":true,"href":"https:\/\/era.archi\/ca\/wp-json\/wp\/v2\/tags?post=2584"}],"curies":[{"name":"wp","href":"https:\/\/api.w.org\/{rel}","templated":true}]}}