{"id":2567,"date":"2018-04-11T06:15:50","date_gmt":"2018-04-11T04:15:50","guid":{"rendered":"https:\/\/era.archi\/?p=2567"},"modified":"2022-12-27T11:09:47","modified_gmt":"2022-12-27T10:09:47","slug":"aillant-natural-que-es-quins-hi-ha-quin-preu-em2","status":"publish","type":"post","link":"https:\/\/era.archi\/ca\/aillant-natural-que-es-quins-hi-ha-quin-preu-em2\/","title":{"rendered":"A\u00efllant natural: qu\u00e8 \u00e9s? quins hi ha? quin preu \u20ac\/m2?"},"content":{"rendered":"<p>Qu\u00e8 \u00e9s l&#8217;a\u00efllant natural? \u00bfQuins hi ha? Quin preu \u20ac\/m2 tenen?<\/p>\n<p>Quins avantatges tenen?<\/p>\n<p>Quant costa?<\/p>\n<p>&nbsp;<\/p>\n<p>En aquesta publicaci\u00f3 us expliquem els tipus de fa\u00e7anes i les nostres recomanacions.<br \/>\nPer si encara no coneixem, permeti&#8217;ns presentar-nos.<br \/>\nSom <a href=\"https:\/\/era.archi\/ca\">ERA arquitectes<\/a>, un dels joves, compromesos i creatius <a href=\"https:\/\/era.archi\/ca\">estudis d&#8217;Arquitectura a Barcelona<\/a>.<br \/>\nEn aquesta publicaci\u00f3 podeu trobar la nostra explicaci\u00f3 senzilla d&#8217;A\u00efllants Naturals i les nostres recomanacions professionals.<\/p>\n<p>&nbsp;<\/p>\n<p><strong>Qu\u00e8 \u00e9s un a\u00efllant natural?<\/strong><br \/>\nS\u00f3n a\u00efllants termals per a la construcci\u00f3 que provenen de mat\u00e8ries primeres naturals.<\/p>\n<p>&nbsp;<\/p>\n<p><strong>Quins avantatges t\u00e9 un a\u00efllant natural?<\/strong><\/p>\n<ul>\n<li>transpirables<\/li>\n<li>gran capacitat termal<\/li>\n<li>tamb\u00e9 a\u00efllen ac\u00fasticament<\/li>\n<li>alta durabilitat (per tota la vida)<\/li>\n<li>0% de petroli<\/li>\n<li>saludables (no emiteixen gasos ni elements t\u00f2xics)<\/li>\n<li>disminueixen les part\u00edcules nocives (regulen de forma natural la humitat)<\/li>\n<li>renovables (mat\u00e8ria primera natural)<\/li>\n<li>reciclabes (degradables)<\/li>\n<li>disminueixen l&#8217;empremta ecol\u00f2gica<\/li>\n<li>producci\u00f3 local<\/li>\n<\/ul>\n<p>&nbsp;<\/p>\n<p><strong>\u00bfQuins a\u00efllants naturals hi ha?<\/strong><\/p>\n<p>&nbsp;<\/p>\n<p>SURO<br \/>\n\u00c9s una de les opcions m\u00e9s cares.<br \/>\n\u00c9s f\u00e0cil trobar un prove\u00efdor local per a una construcci\u00f3 km0.<br \/>\nLes seves avantatges sobre els altres a\u00efllants naturals s\u00f3n:<\/p>\n<ul>\n<li>col\u00b7locaci\u00f3 a granel o en panells<\/li>\n<li>Conductivitat termal = 00,45 W \/ mK<\/li>\n<li>Energia incorporada = 837 wh \/ kg<\/li>\n<li>emissions d&#8217;efecte hivernacle = 0,24 KgCO2 \/ kg<\/li>\n<li>toxicitat = sense dades<\/li>\n<li>preu = 20 \u20ac \/ m2 + IVA + col.locaci\u00f3<\/li>\n<\/ul>\n<p>&nbsp;<\/p>\n<p>CANYAM o LLI<br \/>\n\u00c9s la opci\u00f3 m\u00e9s econ\u00f2mica.<br \/>\nCultiu f\u00e0cil, de r\u00e0pid creixement i de baix impacte ambiental.<\/p>\n<ul>\n<li>Molt transpirable<\/li>\n<li>Conductivitat termal = 00,41 W \/ mK<\/li>\n<li>Energia incorporada = 252 wh \/ kg<\/li>\n<li>emissions d&#8217;efecte hivernacle = sense dades<\/li>\n<li>toxicitat = sense dades<\/li>\n<li>preu = 13 \u20ac \/ m2\u00a0+ IVA + col.locaci\u00f3<\/li>\n<\/ul>\n<p>&nbsp;<\/p>\n<p>FUSTA<br \/>\nS\u00f3n panells de fibra de fusta recuperada dels tractaments de serreria.<\/p>\n<ul>\n<li>Col\u00b7locaci\u00f3 en panells<\/li>\n<li>Conductivitat termal = 0,005 W \/ mK<\/li>\n<li>Energia incorporada = 492 wh \/ kg<\/li>\n<li>emissions d&#8217;efecte hivernacle = sense dades<\/li>\n<li>toxicitat = sense dades<\/li>\n<\/ul>\n<p>&nbsp;<\/p>\n<p>PALLA<br \/>\nA\u00efllant tradicional en contruccions de fang i paja.<br \/>\nTamb\u00e9 es troba en panells premats o tamb\u00e9 barrejats amb pl\u00e2tre, ciment &#8230;<\/p>\n<ul>\n<li>Molt transpirables<\/li>\n<li>Conductivitat termal = sense dades<\/li>\n<li>Energia incorporada = sense dades<\/li>\n<li>emissions d&#8217;efecte hivernacle = sense dades<\/li>\n<li>toxicitat = sense dades<\/li>\n<li>precio = sense dades<\/li>\n<\/ul>\n<p>&nbsp;<\/p>\n<p>LLANA d&#8217;OVELLA<br \/>\nLes seves avantatges sobre els altres a\u00efllants naturals s\u00f3n:<\/p>\n<ul>\n<li>si es mulla augmenta la seva capacitat termal<\/li>\n<li>calent a l&#8217;hivern, fresc a l&#8217;estiu<\/li>\n<li>control natural de condensacions<\/li>\n<li>f\u00e0cil de col\u00b7locar<\/li>\n<li>emissions d&#8217;efecte hivernacle = 0,71 KgCO2 \/ kg<\/li>\n<li>toxicitat = 0,078 M2 \/ any<\/li>\n<li>preu = 10 \u20ac \/ m2\u00a0+ IVA + col.locaci\u00f3<\/li>\n<\/ul>\n<p>&nbsp;<\/p>\n<p>COT\u00d3<br \/>\nA partir de retalls t\u00e8xtils desfibrats i tatats.<br \/>\nT\u00e9 una molt baixa conductivitat termal.<br \/>\nLes seves avantatges sobre els altres a\u00efllants naturals s\u00f3n:<\/p>\n<ul>\n<li>calent a l&#8217;hivern, fresc a l&#8217;estiu<\/li>\n<li>f\u00e0cil de col\u00b7locar<\/li>\n<li>emissions d&#8217;efecte hivernacle = 0,46 KgCO2 \/ kg<\/li>\n<li>toxicitat = 0,068 M2 \/ any<\/li>\n<li>Preu = 6 \u20ac \/ m2\u00a0+ IVA + col.locaci\u00f3<\/li>\n<\/ul>\n<p>&nbsp;<\/p>\n<p>&nbsp;<\/p>\n<p>En el nostre <a href=\"https:\/\/era.achi\/ca\">estudi d&#8217;Arquitectes a Barcelona<\/a>, hem comprovat que l&#8217;a\u00efllant m\u00e9s est\u00e8s \u00e9s el sector de la construcci\u00f3 \u00e9s la llana de roca. \u00c9s un a\u00efllant no natural, t\u00f2xic i de processos amb altes emissions de gasos d&#8217;efecte hivernacle (quasi un 200% d&#8217;emisions contaminants en els seus processos de produccci\u00f3). Fem una r\u00e0pida comparativa:<\/p>\n<p>LLANA DE ROCA<\/p>\n<ul>\n<li>barat<\/li>\n<li>f\u00e0cil de col\u00b7locar<\/li>\n<li>emissions d&#8217;efecte hivernacle = 1,41 KgCO2 \/ kg<\/li>\n<li>toxicitat = 0,418 M2 \/ any<\/li>\n<li>Preu = 2 \u20ac \/ m2\u00a0+ IVA + col.locaci\u00f3<\/li>\n<\/ul>\n<p>&nbsp;<\/p>\n<p>Potser tamb\u00e9 t&#8217;interessen els posts relacionats:<\/p>\n<p><strong><em><a href=\"https:\/\/era.archi\/ca\/cases-eficients\/\">Cases Eficients<\/a><\/em><\/strong><br \/>\n<a href=\"https:\/\/era.archi\/ca\/casa-passiva\/\"><strong><em>Casa Passiva<\/em><\/strong><\/a><br \/>\n<strong><em><a href=\"https:\/\/era.archi\/ca\/cases-de-fusta\/\">Cases de Fusta<\/a>\u00a0<\/em><\/strong><br \/>\n<a href=\"https:\/\/era.archi\/ca\/cases-prefabricades-preu\/\"><strong><em>Cases Prefabricades\u00a0<\/em><\/strong><\/a><br \/>\n<a href=\"https:\/\/era.archi\/ca\/fer-una-casa-quant-es-triga\/\"><em><strong>Fer una casa, quan es triga?<\/strong><\/em><\/a><br \/>\n<a href=\"https:\/\/era.archi\/ca\/fer-una-casa-quant-costa\/\"><strong><em>Quant costa fer una casa?\u00a0<\/em><\/strong><\/a><\/p>\n<p>&nbsp;<\/p>\n<p>Espero que aquesta info t&#8217;ajudi en la teva\u00a0aventura.<br \/>\nFins al proper post!<\/p>\n<p>&nbsp;<\/p>\n<div><span style=\"color: #000000;\"><a style=\"color: #000000;\" href=\"https:\/\/www.linkedin.com\/in\/estherrovira\/\" rel=\"noopener noreferrer\">Esther Rovira Raurell<\/a><\/span><\/div>\n<div><span style=\"color: #000000;\"><a style=\"color: #000000;\" href=\"https:\/\/era.archi\/ca\/estudi-darquitectura-a-barcelona-casa-passiva\/\" target=\"_blank\" rel=\"noopener\">Arquitecta col.legiada a Barcelona<\/a>\u00a0#44234-8<\/span><\/div>\n<div><span style=\"color: #000000;\"><a style=\"color: #000000;\" href=\"https:\/\/www.passivhausplaner.eu\/index.php?lang=en-GB\" target=\"_blank\" rel=\"noopener noreferrer\">Passive House Designer<\/a><\/span><\/div>\n<div><span style=\"color: #000000;\">Afiliada a la <a style=\"color: #000000;\" href=\"https:\/\/passivehouse-international.org\/memberSearchDetails.php?member_id=9577\" target=\"_blank\" rel=\"noopener noreferrer\">International Passive House Association<\/a><\/span><\/div>\n<div><span style=\"color: #000000;\">Fundadora d&#8217;<a style=\"color: #000000;\" href=\"https:\/\/era.archi\/ca\" target=\"_blank\" rel=\"noopener noreferrer\">ERA architects<\/a>\u00a0<\/span><\/div>\n<div><\/div>\n<p>P.S. Vols rebre consells sostenibles GRATIS? <span style=\"color: #0000ff;\"><strong><a style=\"color: #0000ff;\" href=\"https:\/\/mailchi.mp\/3d1009718ea4\/arquitecta-sostenible-catala\" target=\"_blank\" rel=\"noopener\">S\u00ed, vull!<\/a> <\/strong><\/span>o segueix-nos a<span style=\"color: #3366ff;\"> <a style=\"color: #3366ff;\" href=\"https:\/\/www.instagram.com\/era.archi\/\" target=\"_blank\" rel=\"noopener noreferrer\">Instagram<\/a>,\u00a0<a style=\"color: #3366ff;\" href=\"https:\/\/pin.it\/3Du3dBr\" target=\"_blank\" rel=\"noopener\">Pinterest<\/a>,\u00a0<a style=\"color: #3366ff;\" href=\"https:\/\/twitter.com\/ERAarchi\" target=\"_blank\" rel=\"noopener noreferrer\">Twitter<\/a>\u00a0y\u00a0<a style=\"color: #3366ff;\" href=\"https:\/\/www.facebook.com\/ERAarchis\/\" target=\"_blank\" rel=\"noopener noreferrer\">Facebook<\/a><\/span><\/p>\n","protected":false},"excerpt":{"rendered":"<p>Qu\u00e8 \u00e9s l&#8217;a\u00efllant natural? \u00bfQuins hi ha? Quin preu \u20ac\/m2 [&hellip;]<\/p>\n","protected":false},"author":1,"featured_media":2561,"comment_status":"closed","ping_status":"open","sticky":false,"template":"","format":"standard","meta":{"footnotes":""},"categories":[599,601],"tags":[89,90,71,419,76,79,81,77,80,78,423,424,425,187],"class_list":["post-2567","post","type-post","status-publish","format-standard","has-post-thumbnail","hentry","category-arquitecte-casa-pasiva","category-reforma-sostenible-ca","tag-aillant","tag-aillant-natural","tag-arquitecta-a-barcelona","tag-arquitecta-barcelona-ca","tag-arquitecte-barcelona","tag-arquitecte-cases-passives","tag-arquitecte-cases-passives-barcelona","tag-arquitecte-girona","tag-arquitecte-passive-house-designer","tag-arquitecte-tarragona","tag-arquitecto-casas-prefabricadas-de-madera-barcelona-ca","tag-arquitecto-passive-house-designer-barcelona-ca","tag-passive-house-designer-barcelona-ca-2","tag-passive-house-designer-barcelona-ca"],"yoast_head":"<!-- This site is optimized with the Yoast SEO plugin v26.6 - https:\/\/yoast.com\/wordpress\/plugins\/seo\/ -->\n<title>A\u00efllant natural: qu\u00e8 \u00e9s? quins hi ha? quin preu \u20ac\/m2?<\/title>\n<meta name=\"description\" content=\"T&#039;expliquem qu\u00e8 \u00e9s un a\u00efllant natural, quins hi ha, el seu preu i et mostrem la comparativa amb la llana de roca perqu\u00e8 escullis la millor opci\u00f3.\" \/>\n<meta name=\"robots\" content=\"index, follow, max-snippet:-1, max-image-preview:large, max-video-preview:-1\" \/>\n<link rel=\"canonical\" href=\"https:\/\/era.archi\/ca\/aillant-natural-que-es-quins-hi-ha-quin-preu-em2\/\" \/>\n<meta property=\"og:locale\" content=\"ca_ES\" \/>\n<meta property=\"og:type\" content=\"article\" \/>\n<meta property=\"og:title\" content=\"A\u00efllant natural: qu\u00e8 \u00e9s? quins hi ha? quin preu \u20ac\/m2?\" \/>\n<meta property=\"og:description\" content=\"T&#039;expliquem qu\u00e8 \u00e9s un a\u00efllant natural, quins hi ha, el seu preu i et mostrem la comparativa amb la llana de roca perqu\u00e8 escullis la millor opci\u00f3.\" \/>\n<meta property=\"og:url\" content=\"https:\/\/era.archi\/ca\/aillant-natural-que-es-quins-hi-ha-quin-preu-em2\/\" \/>\n<meta property=\"og:site_name\" content=\"ERA architects\" \/>\n<meta property=\"article:publisher\" content=\"https:\/\/www.facebook.com\/ERAarchis\" \/>\n<meta property=\"article:published_time\" content=\"2018-04-11T04:15:50+00:00\" \/>\n<meta property=\"article:modified_time\" content=\"2022-12-27T10:09:47+00:00\" \/>\n<meta property=\"og:image\" content=\"https:\/\/era.archi\/wp-content\/uploads\/2018\/04\/IMG_20171006_120114.jpg\" \/>\n\t<meta property=\"og:image:width\" content=\"4160\" \/>\n\t<meta property=\"og:image:height\" content=\"3120\" \/>\n\t<meta property=\"og:image:type\" content=\"image\/jpeg\" \/>\n<meta name=\"author\" content=\"ERA\" \/>\n<meta name=\"twitter:card\" content=\"summary_large_image\" \/>\n<meta name=\"twitter:creator\" content=\"@ERAarchi\" \/>\n<meta name=\"twitter:site\" content=\"@ERAarchi\" \/>\n<meta name=\"twitter:label1\" content=\"Escrit per\" \/>\n\t<meta name=\"twitter:data1\" content=\"ERA\" \/>\n\t<meta name=\"twitter:label2\" content=\"Temps estimat de lectura\" \/>\n\t<meta name=\"twitter:data2\" content=\"3 minuts\" \/>\n<script type=\"application\/ld+json\" class=\"yoast-schema-graph\">{\"@context\":\"https:\/\/schema.org\",\"@graph\":[{\"@type\":\"WebPage\",\"@id\":\"https:\/\/era.archi\/ca\/aillant-natural-que-es-quins-hi-ha-quin-preu-em2\/\",\"url\":\"https:\/\/era.archi\/ca\/aillant-natural-que-es-quins-hi-ha-quin-preu-em2\/\",\"name\":\"A\u00efllant natural: qu\u00e8 \u00e9s? quins hi ha? quin preu \u20ac\/m2?\",\"isPartOf\":{\"@id\":\"https:\/\/era.archi\/#website\"},\"primaryImageOfPage\":{\"@id\":\"https:\/\/era.archi\/ca\/aillant-natural-que-es-quins-hi-ha-quin-preu-em2\/#primaryimage\"},\"image\":{\"@id\":\"https:\/\/era.archi\/ca\/aillant-natural-que-es-quins-hi-ha-quin-preu-em2\/#primaryimage\"},\"thumbnailUrl\":\"https:\/\/era.archi\/wp-content\/uploads\/2018\/04\/IMG_20171006_120114.jpg\",\"datePublished\":\"2018-04-11T04:15:50+00:00\",\"dateModified\":\"2022-12-27T10:09:47+00:00\",\"author\":{\"@id\":\"https:\/\/era.archi\/#\/schema\/person\/eabaeddf58e0d5ac5fc021e7fbcf207e\"},\"description\":\"T'expliquem qu\u00e8 \u00e9s un a\u00efllant natural, quins hi ha, el seu preu i et mostrem la comparativa amb la llana de roca perqu\u00e8 escullis la millor opci\u00f3.\",\"breadcrumb\":{\"@id\":\"https:\/\/era.archi\/ca\/aillant-natural-que-es-quins-hi-ha-quin-preu-em2\/#breadcrumb\"},\"inLanguage\":\"ca\",\"potentialAction\":[{\"@type\":\"ReadAction\",\"target\":[\"https:\/\/era.archi\/ca\/aillant-natural-que-es-quins-hi-ha-quin-preu-em2\/\"]}]},{\"@type\":\"ImageObject\",\"inLanguage\":\"ca\",\"@id\":\"https:\/\/era.archi\/ca\/aillant-natural-que-es-quins-hi-ha-quin-preu-em2\/#primaryimage\",\"url\":\"https:\/\/era.archi\/wp-content\/uploads\/2018\/04\/IMG_20171006_120114.jpg\",\"contentUrl\":\"https:\/\/era.archi\/wp-content\/uploads\/2018\/04\/IMG_20171006_120114.jpg\",\"width\":4160,\"height\":3120,\"caption\":\"A\u00efllant natural: qu\u00e8 \u00e9s? quins hi ha? quin preu \u20ac\/m2?\"},{\"@type\":\"BreadcrumbList\",\"@id\":\"https:\/\/era.archi\/ca\/aillant-natural-que-es-quins-hi-ha-quin-preu-em2\/#breadcrumb\",\"itemListElement\":[{\"@type\":\"ListItem\",\"position\":1,\"name\":\"Portada\",\"item\":\"https:\/\/era.archi\/ca\/\"},{\"@type\":\"ListItem\",\"position\":2,\"name\":\"A\u00efllant natural: qu\u00e8 \u00e9s? quins hi ha? quin preu \u20ac\/m2?\"}]},{\"@type\":\"WebSite\",\"@id\":\"https:\/\/era.archi\/#website\",\"url\":\"https:\/\/era.archi\/\",\"name\":\"ERA architects\",\"description\":\"\",\"potentialAction\":[{\"@type\":\"SearchAction\",\"target\":{\"@type\":\"EntryPoint\",\"urlTemplate\":\"https:\/\/era.archi\/?s={search_term_string}\"},\"query-input\":{\"@type\":\"PropertyValueSpecification\",\"valueRequired\":true,\"valueName\":\"search_term_string\"}}],\"inLanguage\":\"ca\"},{\"@type\":\"Person\",\"@id\":\"https:\/\/era.archi\/#\/schema\/person\/eabaeddf58e0d5ac5fc021e7fbcf207e\",\"name\":\"ERA\",\"image\":{\"@type\":\"ImageObject\",\"inLanguage\":\"ca\",\"@id\":\"https:\/\/era.archi\/#\/schema\/person\/image\/\",\"url\":\"https:\/\/secure.gravatar.com\/avatar\/72199c63af3568336f3d3b71f7b81dcf?s=96&d=mm&r=g\",\"contentUrl\":\"https:\/\/secure.gravatar.com\/avatar\/72199c63af3568336f3d3b71f7b81dcf?s=96&d=mm&r=g\",\"caption\":\"ERA\"}}]}<\/script>\n<!-- \/ Yoast SEO plugin. -->","yoast_head_json":{"title":"A\u00efllant natural: qu\u00e8 \u00e9s? quins hi ha? quin preu \u20ac\/m2?","description":"T'expliquem qu\u00e8 \u00e9s un a\u00efllant natural, quins hi ha, el seu preu i et mostrem la comparativa amb la llana de roca perqu\u00e8 escullis la millor opci\u00f3.","robots":{"index":"index","follow":"follow","max-snippet":"max-snippet:-1","max-image-preview":"max-image-preview:large","max-video-preview":"max-video-preview:-1"},"canonical":"https:\/\/era.archi\/ca\/aillant-natural-que-es-quins-hi-ha-quin-preu-em2\/","og_locale":"ca_ES","og_type":"article","og_title":"A\u00efllant natural: qu\u00e8 \u00e9s? quins hi ha? quin preu \u20ac\/m2?","og_description":"T'expliquem qu\u00e8 \u00e9s un a\u00efllant natural, quins hi ha, el seu preu i et mostrem la comparativa amb la llana de roca perqu\u00e8 escullis la millor opci\u00f3.","og_url":"https:\/\/era.archi\/ca\/aillant-natural-que-es-quins-hi-ha-quin-preu-em2\/","og_site_name":"ERA architects","article_publisher":"https:\/\/www.facebook.com\/ERAarchis","article_published_time":"2018-04-11T04:15:50+00:00","article_modified_time":"2022-12-27T10:09:47+00:00","og_image":[{"width":4160,"height":3120,"url":"https:\/\/era.archi\/wp-content\/uploads\/2018\/04\/IMG_20171006_120114.jpg","type":"image\/jpeg"}],"author":"ERA","twitter_card":"summary_large_image","twitter_creator":"@ERAarchi","twitter_site":"@ERAarchi","twitter_misc":{"Escrit per":"ERA","Temps estimat de lectura":"3 minuts"},"schema":{"@context":"https:\/\/schema.org","@graph":[{"@type":"WebPage","@id":"https:\/\/era.archi\/ca\/aillant-natural-que-es-quins-hi-ha-quin-preu-em2\/","url":"https:\/\/era.archi\/ca\/aillant-natural-que-es-quins-hi-ha-quin-preu-em2\/","name":"A\u00efllant natural: qu\u00e8 \u00e9s? quins hi ha? quin preu \u20ac\/m2?","isPartOf":{"@id":"https:\/\/era.archi\/#website"},"primaryImageOfPage":{"@id":"https:\/\/era.archi\/ca\/aillant-natural-que-es-quins-hi-ha-quin-preu-em2\/#primaryimage"},"image":{"@id":"https:\/\/era.archi\/ca\/aillant-natural-que-es-quins-hi-ha-quin-preu-em2\/#primaryimage"},"thumbnailUrl":"https:\/\/era.archi\/wp-content\/uploads\/2018\/04\/IMG_20171006_120114.jpg","datePublished":"2018-04-11T04:15:50+00:00","dateModified":"2022-12-27T10:09:47+00:00","author":{"@id":"https:\/\/era.archi\/#\/schema\/person\/eabaeddf58e0d5ac5fc021e7fbcf207e"},"description":"T'expliquem qu\u00e8 \u00e9s un a\u00efllant natural, quins hi ha, el seu preu i et mostrem la comparativa amb la llana de roca perqu\u00e8 escullis la millor opci\u00f3.","breadcrumb":{"@id":"https:\/\/era.archi\/ca\/aillant-natural-que-es-quins-hi-ha-quin-preu-em2\/#breadcrumb"},"inLanguage":"ca","potentialAction":[{"@type":"ReadAction","target":["https:\/\/era.archi\/ca\/aillant-natural-que-es-quins-hi-ha-quin-preu-em2\/"]}]},{"@type":"ImageObject","inLanguage":"ca","@id":"https:\/\/era.archi\/ca\/aillant-natural-que-es-quins-hi-ha-quin-preu-em2\/#primaryimage","url":"https:\/\/era.archi\/wp-content\/uploads\/2018\/04\/IMG_20171006_120114.jpg","contentUrl":"https:\/\/era.archi\/wp-content\/uploads\/2018\/04\/IMG_20171006_120114.jpg","width":4160,"height":3120,"caption":"A\u00efllant natural: qu\u00e8 \u00e9s? quins hi ha? quin preu \u20ac\/m2?"},{"@type":"BreadcrumbList","@id":"https:\/\/era.archi\/ca\/aillant-natural-que-es-quins-hi-ha-quin-preu-em2\/#breadcrumb","itemListElement":[{"@type":"ListItem","position":1,"name":"Portada","item":"https:\/\/era.archi\/ca\/"},{"@type":"ListItem","position":2,"name":"A\u00efllant natural: qu\u00e8 \u00e9s? quins hi ha? quin preu \u20ac\/m2?"}]},{"@type":"WebSite","@id":"https:\/\/era.archi\/#website","url":"https:\/\/era.archi\/","name":"ERA architects","description":"","potentialAction":[{"@type":"SearchAction","target":{"@type":"EntryPoint","urlTemplate":"https:\/\/era.archi\/?s={search_term_string}"},"query-input":{"@type":"PropertyValueSpecification","valueRequired":true,"valueName":"search_term_string"}}],"inLanguage":"ca"},{"@type":"Person","@id":"https:\/\/era.archi\/#\/schema\/person\/eabaeddf58e0d5ac5fc021e7fbcf207e","name":"ERA","image":{"@type":"ImageObject","inLanguage":"ca","@id":"https:\/\/era.archi\/#\/schema\/person\/image\/","url":"https:\/\/secure.gravatar.com\/avatar\/72199c63af3568336f3d3b71f7b81dcf?s=96&d=mm&r=g","contentUrl":"https:\/\/secure.gravatar.com\/avatar\/72199c63af3568336f3d3b71f7b81dcf?s=96&d=mm&r=g","caption":"ERA"}}]}},"_links":{"self":[{"href":"https:\/\/era.archi\/ca\/wp-json\/wp\/v2\/posts\/2567","targetHints":{"allow":["GET"]}}],"collection":[{"href":"https:\/\/era.archi\/ca\/wp-json\/wp\/v2\/posts"}],"about":[{"href":"https:\/\/era.archi\/ca\/wp-json\/wp\/v2\/types\/post"}],"author":[{"embeddable":true,"href":"https:\/\/era.archi\/ca\/wp-json\/wp\/v2\/users\/1"}],"replies":[{"embeddable":true,"href":"https:\/\/era.archi\/ca\/wp-json\/wp\/v2\/comments?post=2567"}],"version-history":[{"count":0,"href":"https:\/\/era.archi\/ca\/wp-json\/wp\/v2\/posts\/2567\/revisions"}],"wp:featuredmedia":[{"embeddable":true,"href":"https:\/\/era.archi\/ca\/wp-json\/wp\/v2\/media\/2561"}],"wp:attachment":[{"href":"https:\/\/era.archi\/ca\/wp-json\/wp\/v2\/media?parent=2567"}],"wp:term":[{"taxonomy":"category","embeddable":true,"href":"https:\/\/era.archi\/ca\/wp-json\/wp\/v2\/categories?post=2567"},{"taxonomy":"post_tag","embeddable":true,"href":"https:\/\/era.archi\/ca\/wp-json\/wp\/v2\/tags?post=2567"}],"curies":[{"name":"wp","href":"https:\/\/api.w.org\/{rel}","templated":true}]}}